[{"@context":"https:\/\/schema.org\/","@type":"Article","@id":"https:\/\/www.elegantis.cz\/kazdy-dum-ma-mit-ohradku\/#Article","mainEntityOfPage":"https:\/\/www.elegantis.cz\/kazdy-dum-ma-mit-ohradku\/","headline":"Ka\u017ed\u00fd d\u016fm m\u00e1 m\u00edt ohr\u00e1dku","name":"Ka\u017ed\u00fd d\u016fm m\u00e1 m\u00edt ohr\u00e1dku","description":"To v\u00ed p\u0159eci i ka\u017ed\u00e9 mal\u00e9 d\u00edt\u011b, \u017ee n\u011bjak\u00fd plot je z\u00e1kladem domova, tedy alespo\u0148 [&hellip;]","datePublished":"2024-12-19","dateModified":"2024-12-19","author":{"@type":"Person","@id":"https:\/\/www.elegantis.cz\/author\/#Person","name":"","url":"https:\/\/www.elegantis.cz\/author\/","identifier":1,"image":{"@type":"ImageObject","@id":"https:\/\/secure.gravatar.com\/avatar\/87132efef9f5972c3e770e1fb0907fb3dcc1311f82da5f30bffbae0bd81cf8c0?s=96&d=mm&r=g","url":"https:\/\/secure.gravatar.com\/avatar\/87132efef9f5972c3e770e1fb0907fb3dcc1311f82da5f30bffbae0bd81cf8c0?s=96&d=mm&r=g","height":96,"width":96}},"publisher":{"@type":"Organization","name":"elegantis.cz","logo":{"@type":"ImageObject","@id":"\/logo.png","url":"\/logo.png","width":600,"height":60}},"url":"https:\/\/www.elegantis.cz\/kazdy-dum-ma-mit-ohradku\/","wordCount":278,"articleBody":" To v\u00ed p\u0159eci i ka\u017ed\u00e9 mal\u00e9 d\u00edt\u011b, \u017ee n\u011bjak\u00fd plot je z\u00e1kladem domova, tedy alespo\u0148 venkovn\u00edch prostor, kter\u00e9 si tak ohrani\u010d\u00edte. Je to dobr\u00e9 proti zlod\u011bj\u016fm, i kdy\u017e ti kdyby si to moc p\u0159\u00e1li a cht\u011bli, tak se z\u0159ejm\u011b dostanou jinudy nebo si s danou p\u0159ek\u00e1\u017ekou jist\u011b n\u011bjak\u00fdm fikan\u00fdm zp\u016fsobem porad\u00ed, ale nikdy nev\u00edte, t\u0159eba je to tak\u00e9 odrad\u00ed a p\u016fjdou o d\u016fm d\u00e1l, tedy takto jsme to \u0159\u00edci necht\u011bli, nikdo by je nepos\u00edlal k soused\u016fm, ale t\u0159eba to vzdaj\u00ed a uznaj\u00ed, \u017ee je to \u0161patn\u00fd n\u00e1pad, tak\u017ee celou akci zru\u0161\u00ed a p\u016fjdou nakonec dom\u016f, nebo si zkr\u00e1tka p\u016fjdou po sv\u00fdch, jak se mezi lidmi \u0159\u00edk\u00e1, tak\u017ee i proto je velice d\u016fle\u017eit\u00e9, abyste m\u011bli ohrani\u010den\u00fd v\u00e1\u0161 pozemek. Za rozumnou cenu a kolem cel\u00e9ho pozemku Pokud m\u00e1te velk\u00fd pozemek, tak z\u0159ejm\u011b bude t\u011b\u017ek\u00e9 jej cel\u00fd ohradit, m\u016f\u017ee se v\u00e1m to zd\u00e1t finan\u010dn\u011b hodn\u011b n\u00e1ro\u010dn\u00e9, ale s podrahov\u00fdmi deskami pod plot a t\u0159eba n\u011bjak\u00fdm jednoduch\u00fdm pletivem si jist\u011b porad\u00edte. Za velice rozumnou cenu tak m\u016f\u017eete m\u00edt ohrani\u010den\u00fd cel\u00fd sv\u016fj vlastn\u00ed pozemek, kter\u00fd je v\u00e1\u0161 a tak t\u00edm d\u00e1v\u00e1te najevo, \u017ee tam nikdo ciz\u00ed nem\u00e1 co d\u011blat, tak\u017ee je to i obrana proti r\u016fzn\u00fdm sl\u00eddil\u016fm, a \u017ee jich v dne\u0161n\u00ed dob\u011b je, to byste se divili, ka\u017ed\u00fd druh\u00fd je takov\u00fd sl\u00eddil.                                                                                                                                                                                                                                                                                                                                                                                                "},{"@context":"https:\/\/schema.org\/","@type":"BreadcrumbList","itemListElement":[{"@type":"ListItem","position":1,"name":"Ka\u017ed\u00fd d\u016fm m\u00e1 m\u00edt ohr\u00e1dku","item":"https:\/\/www.elegantis.cz\/kazdy-dum-ma-mit-ohradku\/#breadcrumbitem"}]}]